{"id":6478,"date":"2025-06-12T13:18:52","date_gmt":"2025-06-12T11:18:52","guid":{"rendered":"https:\/\/italea.com\/?p=6478"},"modified":"2025-06-13T12:52:59","modified_gmt":"2025-06-13T10:52:59","slug":"talentos-lombardos-en-el-mundo-desde-buenos-aires-un-puente-para-volver-a-los-origenes","status":"publish","type":"post","link":"https:\/\/italea.com\/es\/talentos-lombardos-en-el-mundo-desde-buenos-aires-un-puente-para-volver-a-los-origenes\/","title":{"rendered":"Talentos lombardos en el mundo: desde Buenos Aires un puente para volver a los or\u00edgenes"},"content":{"rendered":"\n<p><em>Arranca en Buenos Aires el proyecto \u201cTalentos Lombardos en el Mundo\u201d, promovido por la Regi\u00f3n Lombard\u00eda e IFOA con el apoyo de la C\u00e1mara de Comercio Italiana en Argentina. La iniciativa busca facilitar el retorno e inserci\u00f3n laboral en Lombard\u00eda de ciudadanos lombardos y de sus descendientes residentes en el extranjero.<\/em><\/p>\n\n\n\n<p>Fue presentado en Buenos Aires el programa \u201cTalentos Lombardos en el Mundo\u201d, un proyecto que apunta a favorecer el regreso e inserci\u00f3n profesional en Lombard\u00eda de ciudadanos lombardos residentes en el extranjero y de sus descendientes. La iniciativa nace gracias a la colaboraci\u00f3n entre IFOA (Instituto de Formaci\u00f3n de Operadores Empresariales), la Regi\u00f3n Lombard\u00eda y la C\u00e1mara de Comercio Italiana en Argentina.<\/p>\n\n\n\n<p>El programa se dirige a quienes tienen ra\u00edces lombardas hasta el tercer grado, incluyendo tambi\u00e9n a quienes se encuentren temporalmente en Argentina por motivos de trabajo o estudio, siempre que lleven al menos seis meses. Pueden participar tambi\u00e9n los c\u00f3nyuges y los familiares, as\u00ed como quienes hayan nacido en Lombard\u00eda y vivido all\u00ed por un per\u00edodo significativo antes de trasladarse al extranjero.<\/p>\n\n\n\n<p>El objetivo es ofrecer un camino concreto de orientaci\u00f3n y acompa\u00f1amiento laboral, a trav\u00e9s de una plataforma que conecta los perfiles de los participantes con las empresas lombardas. Adem\u00e1s, se garantiza asistencia para orientarse entre las oportunidades formativas ofrecidas por la Regi\u00f3n y para afrontar los aspectos administrativos vinculados a una eventual mudanza o regreso.<\/p>\n\n\n\n<p>Apoya la iniciativa la C\u00e1mara de Comercio Italiana en Argentina, que desde hace m\u00e1s de un siglo promueve el di\u00e1logo econ\u00f3mico entre ambos pa\u00edses. En este contexto, ha firmado recientemente un acuerdo con Promos Italia, la agencia italiana para la internacionalizaci\u00f3n, con la intenci\u00f3n de reforzar la cooperaci\u00f3n bilateral en sectores clave como la energ\u00eda y la tecnolog\u00eda, con un enfoque particular en la formaci\u00f3n y el intercambio de competencias cualificadas.<\/p>\n\n\n\n<p>Hoy, m\u00e1s de 67.000 ciudadanos de origen lombardo viven en Argentina, de los cuales unos 28.000 solo en Buenos Aires. El proyecto se inserta as\u00ed en una estrategia m\u00e1s amplia orientada a valorizar las competencias de los lombardos en el mundo, transformando sus historias de emigraci\u00f3n en nuevas oportunidades para el futuro.<\/p>\n","protected":false},"excerpt":{"rendered":"<p>Arranca en Buenos Aires el proyecto \u201cTalentos Lombardos en el Mundo\u201d, promovido por la Regi\u00f3n Lombard\u00eda e IFOA con el apoyo de la C\u00e1mara de Comercio Italiana en Argentina. La iniciativa busca facilitar el retorno e inserci\u00f3n laboral en Lombard\u00eda de ciudadanos lombardos y de sus descendientes residentes en el extranjero. Fue presentado en Buenos [&hellip;]<\/p>\n","protected":false},"author":16,"featured_media":6503,"comment_status":"closed","ping_status":"open","sticky":false,"template":"","format":"standard","meta":{"_acf_changed":false,"inline_featured_image":false,"footnotes":""},"categories":[],"tags":[],"class_list":["post-6478","post","type-post","status-publish","format-standard","has-post-thumbnail","hentry"],"acf":[],"_links":{"self":[{"href":"https:\/\/italea.com\/es\/wp-json\/wp\/v2\/posts\/6478","targetHints":{"allow":["GET"]}}],"collection":[{"href":"https:\/\/italea.com\/es\/wp-json\/wp\/v2\/posts"}],"about":[{"href":"https:\/\/italea.com\/es\/wp-json\/wp\/v2\/types\/post"}],"author":[{"embeddable":true,"href":"https:\/\/italea.com\/es\/wp-json\/wp\/v2\/users\/16"}],"replies":[{"embeddable":true,"href":"https:\/\/italea.com\/es\/wp-json\/wp\/v2\/comments?post=6478"}],"version-history":[{"count":2,"href":"https:\/\/italea.com\/es\/wp-json\/wp\/v2\/posts\/6478\/revisions"}],"predecessor-version":[{"id":6590,"href":"https:\/\/italea.com\/es\/wp-json\/wp\/v2\/posts\/6478\/revisions\/6590"}],"wp:featuredmedia":[{"embeddable":true,"href":"https:\/\/italea.com\/es\/wp-json\/wp\/v2\/media\/6503"}],"wp:attachment":[{"href":"https:\/\/italea.com\/es\/wp-json\/wp\/v2\/media?parent=6478"}],"wp:term":[{"taxonomy":"category","embeddable":true,"href":"https:\/\/italea.com\/es\/wp-json\/wp\/v2\/categories?post=6478"},{"taxonomy":"post_tag","embeddable":true,"href":"https:\/\/italea.com\/es\/wp-json\/wp\/v2\/tags?post=6478"}],"curies":[{"name":"wp","href":"https:\/\/api.w.org\/{rel}","templated":true}]}}